{"id":1001,"date":"2016-01-19T23:35:09","date_gmt":"2016-01-19T22:35:09","guid":{"rendered":"http:\/\/baublog.horner-freiheit.de\/?p=1001"},"modified":"2016-01-19T23:35:09","modified_gmt":"2016-01-19T22:35:09","slug":"19-01-2016-los-gehts-wir-kommen","status":"publish","type":"post","link":"http:\/\/bautagebuch-horner-freiheit.geschichtswerkstatt-horn.de\/?p=1001","title":{"rendered":"19.01.2016 Los geht&#8217;s! Wir kommen!"},"content":{"rendered":"<p style=\"text-align: center;\"><a href=\"http:\/\/baublog.horner-freiheit.de\/wp-content\/uploads\/2016\/01\/DSCN1124web.jpg\"><img loading=\"lazy\" class=\" size-full wp-image-997 aligncenter\" src=\"http:\/\/baublog.horner-freiheit.de\/wp-content\/uploads\/2016\/01\/DSCN1124web.jpg\" alt=\"DSCN1124web\" width=\"450\" height=\"600\" \/><\/a>Die Ruhe vor dem Sturm! Noch 30 Minuten bis zur \u00d6ffnung!<\/p>\n<p style=\"text-align: justify;\"><a href=\"http:\/\/baublog.horner-freiheit.de\/wp-content\/uploads\/2016\/01\/DSCN1125web.jpg\"><img loading=\"lazy\" class=\"alignnone size-medium wp-image-998\" src=\"http:\/\/baublog.horner-freiheit.de\/wp-content\/uploads\/2016\/01\/DSCN1125web-300x225.jpg\" alt=\"DSCN1125web\" width=\"300\" height=\"225\" \/><\/a> <a href=\"http:\/\/baublog.horner-freiheit.de\/wp-content\/uploads\/2016\/01\/DSCN1151web.jpg\"><img loading=\"lazy\" class=\"alignnone size-medium wp-image-996\" src=\"http:\/\/baublog.horner-freiheit.de\/wp-content\/uploads\/2016\/01\/DSCN1151web-300x225.jpg\" alt=\"DSCN1151web\" width=\"300\" height=\"225\" \/><\/a>Das Team der B\u00fccherhalle tankt noch schnell etwas Kraft mit einer Tasse Kaffee; das Infoteam vom Stadtteilverein wird von Karin Wienberg im provisorisch best\u00fcckten B\u00fcro eingewiesen. Und dann ist es soweit:<\/p>\n<p style=\"text-align: justify;\">21 Jahre nach der ersten Idee, 8 Jahre nach dem ersten Konzeptentwurf und 439 Tage nach Baubeginn \u00f6ffnet sich um 10 Uhr erstmals offiziell die T\u00fcr zum neuen Stadtteilhaus!<\/p>\n<p style=\"text-align: justify;\"><a href=\"http:\/\/baublog.horner-freiheit.de\/wp-content\/uploads\/2016\/01\/DSCN1126web.jpg\"><img loading=\"lazy\" class=\"alignnone size-full wp-image-999\" src=\"http:\/\/baublog.horner-freiheit.de\/wp-content\/uploads\/2016\/01\/DSCN1126web.jpg\" alt=\"DSCN1126web\" width=\"600\" height=\"450\" \/><\/a>Die ersten 10 Besucher bekamen von der Geschichtswerkstatt den Horn-Kalender 2016 \u00fcberreicht und schauten sich interessiert im Erdgeschoss um. Schnell f\u00fcllte sich auch die B\u00fccherhalle. Das Cafe May hatte bereits ab 7 Uhr seine separate Eingangst\u00fcr ge\u00f6ffnet und bot das beliebte Fr\u00fchst\u00fcck.<br \/>\n<a href=\"http:\/\/baublog.horner-freiheit.de\/wp-content\/uploads\/2016\/01\/DSCN1135web.jpg\"><img loading=\"lazy\" class=\"alignnone size-full wp-image-994\" src=\"http:\/\/baublog.horner-freiheit.de\/wp-content\/uploads\/2016\/01\/DSCN1135web.jpg\" alt=\"DSCN1135web\" width=\"600\" height=\"450\" \/><\/a><\/p>\n<p style=\"text-align: justify;\">Als die B\u00fccherhalle um 18 Uhr ihre T\u00fcr schloss, trafen sich viele der zuk\u00fcnftigen Mieter noch im Cafe May, um den ersten ereignisreichen Tag gem\u00fctlich ausklingen zu lassen. Fazit in der Runde: Die Resonanz der Besucher war \u00e4u\u00dferst positiv. Mit einem so sch\u00f6nem Ambiente hatten viele nicht gerechnet. Aber es gab auch immer noch Horner, die das Konzept der HORNER FREIHEIT nicht kannten. Das Infoteam sorgte da allerdings schnell f\u00fcr Abhilfe! Dank an alle, die dabei geholfen haben &#8211; wie hier z.B. Lisa, Herbert &amp; Barbara.<br \/>\n<a href=\"http:\/\/baublog.horner-freiheit.de\/wp-content\/uploads\/2016\/01\/DSCN1142web.jpg\"><img loading=\"lazy\" class=\"alignnone size-full wp-image-1000\" src=\"http:\/\/baublog.horner-freiheit.de\/wp-content\/uploads\/2016\/01\/DSCN1142web.jpg\" alt=\"DSCN1142web\" width=\"600\" height=\"660\" \/><\/a><\/p>\n<p style=\"text-align: justify;\">An dieser Stelle eine kleine Bitte an alle Besucher, die in den n\u00e4chsten Wochen ins Haus kommen:\u00a0 Das Motto lautet im Moment <strong>&#8222;Ge\u00f6ffnet &#8211; aber noch nicht fertig&#8220;<\/strong>. Haben sie daher bitte Verst\u00e4ndnis, wenn es immer mal wieder zu kleinen Unwegsamkeiten kommt. So konnte heute z.B. zeitweise das Treppenhaus wegen Bauarbeiten nicht genutzt werden und <strong>das gesamte Obergeschoss ist weiterhin wegen des Innenausbaus der B\u00fcros gesperrt!<\/strong><\/p>\n<p style=\"text-align: justify;\">Damit\u00a0 k \u00f6 n n t e n\u00a0 wir den Baublog schlie\u00dfen, der (Teil-) Betrieb l\u00e4uft! Aber wir werden nat\u00fcrlich noch bis zum Einzug des letzten Mieters weiterhin berichten. Schon morgen steht f\u00fcr die ehrenamtlichen Helfer die n\u00e4chste Herausforderung an:<br \/>\nGegen Mittag kommen 208 St\u00fchle und 50 Tische f\u00fcr Saal und Gruppenr\u00e4ume und warten darauf, ausgepackt und verteilt zu werden. <strong>Es bleibt also weiterhin spannend!<\/strong><\/p>\n","protected":false},"excerpt":{"rendered":"<p>Die Ruhe vor dem Sturm! Noch 30 Minuten bis zur \u00d6ffnung! Das Team der B\u00fccherhalle tankt noch schnell etwas Kraft mit einer Tasse Kaffee; das Infoteam vom Stadtteilverein wird von Karin Wienberg im provisorisch best\u00fcckten B\u00fcro eingewiesen. Und dann ist es soweit: 21 Jahre nach der ersten Idee, 8 Jahre nach dem ersten Konzeptentwurf und &hellip; <\/p>\n<p class=\"link-more\"><a href=\"http:\/\/bautagebuch-horner-freiheit.geschichtswerkstatt-horn.de\/?p=1001\" class=\"more-link\"><span class=\"screen-reader-text\">\u201e19.01.2016 Los geht&#8217;s! Wir kommen!\u201c<\/span> weiterlesen<\/a><\/p>\n","protected":false},"author":1,"featured_media":0,"comment_status":"closed","ping_status":"closed","sticky":false,"template":"","format":"standard","meta":[],"categories":[2],"tags":[],"_links":{"self":[{"href":"http:\/\/bautagebuch-horner-freiheit.geschichtswerkstatt-horn.de\/index.php?rest_route=\/wp\/v2\/posts\/1001"}],"collection":[{"href":"http:\/\/bautagebuch-horner-freiheit.geschichtswerkstatt-horn.de\/index.php?rest_route=\/wp\/v2\/posts"}],"about":[{"href":"http:\/\/bautagebuch-horner-freiheit.geschichtswerkstatt-horn.de\/index.php?rest_route=\/wp\/v2\/types\/post"}],"author":[{"embeddable":true,"href":"http:\/\/bautagebuch-horner-freiheit.geschichtswerkstatt-horn.de\/index.php?rest_route=\/wp\/v2\/users\/1"}],"replies":[{"embeddable":true,"href":"http:\/\/bautagebuch-horner-freiheit.geschichtswerkstatt-horn.de\/index.php?rest_route=%2Fwp%2Fv2%2Fcomments&post=1001"}],"version-history":[{"count":0,"href":"http:\/\/bautagebuch-horner-freiheit.geschichtswerkstatt-horn.de\/index.php?rest_route=\/wp\/v2\/posts\/1001\/revisions"}],"wp:attachment":[{"href":"http:\/\/bautagebuch-horner-freiheit.geschichtswerkstatt-horn.de\/index.php?rest_route=%2Fwp%2Fv2%2Fmedia&parent=1001"}],"wp:term":[{"taxonomy":"category","embeddable":true,"href":"http:\/\/bautagebuch-horner-freiheit.geschichtswerkstatt-horn.de\/index.php?rest_route=%2Fwp%2Fv2%2Fcategories&post=1001"},{"taxonomy":"post_tag","embeddable":true,"href":"http:\/\/bautagebuch-horner-freiheit.geschichtswerkstatt-horn.de\/index.php?rest_route=%2Fwp%2Fv2%2Ftags&post=1001"}],"curies":[{"name":"wp","href":"https:\/\/api.w.org\/{rel}","templated":true}]}}