{"id":1047,"date":"2016-01-28T17:20:59","date_gmt":"2016-01-28T16:20:59","guid":{"rendered":"http:\/\/baublog.horner-freiheit.de\/?p=1047"},"modified":"2016-01-28T17:20:59","modified_gmt":"2016-01-28T16:20:59","slug":"27-01-2016-bewaehrungsprobe","status":"publish","type":"post","link":"http:\/\/bautagebuch-horner-freiheit.geschichtswerkstatt-horn.de\/?p=1047","title":{"rendered":"27.01.2016 Bew\u00e4hrungsprobe"},"content":{"rendered":"<p style=\"text-align: justify;\"><a href=\"http:\/\/baublog.horner-freiheit.de\/wp-content\/uploads\/2016\/01\/webDSCN1472.jpg\" rel=\"attachment wp-att-1042\"><img loading=\"lazy\" class=\"alignnone size-full wp-image-1042\" src=\"http:\/\/baublog.horner-freiheit.de\/wp-content\/uploads\/2016\/01\/webDSCN1472.jpg\" alt=\"webDSCN1472\" width=\"600\" height=\"450\" \/><\/a>Heute hatte der Saal seine erste Bew\u00e4hrungsprobe zu bestehen &#8211; und das gleich mit zwei gro\u00dfen Veranstaltungen!<br \/>\nFrau Hella Schwemer-Martien\u00dfen &#8211; Stiftungsvorstand der B\u00fccherhallen Hamburg &#8211; er\u00f6ffnete um 10 Uhr offiziell den neuen Standort hier im Stadtteilhaus.<br \/>\n<a href=\"http:\/\/baublog.horner-freiheit.de\/wp-content\/uploads\/2016\/01\/webDSCN1491.jpg\" rel=\"attachment wp-att-1043\"><img loading=\"lazy\" class=\"alignnone size-medium wp-image-1043\" src=\"http:\/\/baublog.horner-freiheit.de\/wp-content\/uploads\/2016\/01\/webDSCN1491-300x225.jpg\" alt=\"webDSCN1491\" width=\"300\" height=\"225\" \/> <\/a><a href=\"http:\/\/baublog.horner-freiheit.de\/wp-content\/uploads\/2016\/01\/webDSCN1502.jpg\" rel=\"attachment wp-att-1044\"><img loading=\"lazy\" class=\"alignnone size-medium wp-image-1044\" src=\"http:\/\/baublog.horner-freiheit.de\/wp-content\/uploads\/2016\/01\/webDSCN1502-300x225.jpg\" alt=\"webDSCN1502\" width=\"300\" height=\"225\" \/><\/a>Susanne Wilking, zust\u00e4ndig f\u00fcr die dezentralen Bibliotheken, stellte den ca. 100 G\u00e4sten das Team vor. Ganz links die neue Leitung: Birte Ebsen. (Kleine Bilder lassen sich durch Mausklick vergr\u00f6\u00dfern)<\/p>\n<p style=\"text-align: justify;\"><a href=\"http:\/\/baublog.horner-freiheit.de\/wp-content\/uploads\/2016\/01\/webDSCN1528.jpg\" rel=\"attachment wp-att-1046\"><img loading=\"lazy\" class=\"alignnone size-full wp-image-1046\" src=\"http:\/\/baublog.horner-freiheit.de\/wp-content\/uploads\/2016\/01\/webDSCN1528.jpg\" alt=\"webDSCN1528\" width=\"600\" height=\"450\" \/><\/a>Nach einer kurzen Umbauphase fand dann am Abend eine Betriebsversammlung im Saal statt.\u00a0 Am Donnerstag soll die mobile Trennwand und der B\u00fchnenvorhang montiert werden; Licht, Ton und Leinwand folgen in der n\u00e4chsten Woche.<br \/>\n<a href=\"http:\/\/baublog.horner-freiheit.de\/wp-content\/uploads\/2016\/01\/webDSCN1524.jpg\" rel=\"attachment wp-att-1045\"><img loading=\"lazy\" class=\"alignnone size-full wp-image-1045\" src=\"http:\/\/baublog.horner-freiheit.de\/wp-content\/uploads\/2016\/01\/webDSCN1524.jpg\" alt=\"webDSCN1524\" width=\"600\" height=\"450\" \/><\/a><\/p>\n<p style=\"text-align: justify;\">Wenn Sie einen Raum f\u00fcr dienstliche oder private Zwecke buchen m\u00f6chten, wenden Sie sich einfach an unseren Koordinator Malte Stehr:<br \/>\nper Mail unter \u201ekoordination[\u00e4t]hornerfreiheit.de\u201c<br \/>\noder per Telefon unter 0157 311 312 43.<br \/>\n<a href=\"http:\/\/www.stadtteilhaus-horn.de\/Vermietungsflyer-1.pdf\" target=\"_blank\" rel=\"noopener noreferrer\">Flyer zum Download<\/a><\/p>\n","protected":false},"excerpt":{"rendered":"<p>Heute hatte der Saal seine erste Bew\u00e4hrungsprobe zu bestehen &#8211; und das gleich mit zwei gro\u00dfen Veranstaltungen! Frau Hella Schwemer-Martien\u00dfen &#8211; Stiftungsvorstand der B\u00fccherhallen Hamburg &#8211; er\u00f6ffnete um 10 Uhr offiziell den neuen Standort hier im Stadtteilhaus. Susanne Wilking, zust\u00e4ndig f\u00fcr die dezentralen Bibliotheken, stellte den ca. 100 G\u00e4sten das Team vor. Ganz links die &hellip; <\/p>\n<p class=\"link-more\"><a href=\"http:\/\/bautagebuch-horner-freiheit.geschichtswerkstatt-horn.de\/?p=1047\" class=\"more-link\"><span class=\"screen-reader-text\">\u201e27.01.2016 Bew\u00e4hrungsprobe\u201c<\/span> weiterlesen<\/a><\/p>\n","protected":false},"author":1,"featured_media":0,"comment_status":"closed","ping_status":"closed","sticky":false,"template":"","format":"standard","meta":[],"categories":[2],"tags":[],"_links":{"self":[{"href":"http:\/\/bautagebuch-horner-freiheit.geschichtswerkstatt-horn.de\/index.php?rest_route=\/wp\/v2\/posts\/1047"}],"collection":[{"href":"http:\/\/bautagebuch-horner-freiheit.geschichtswerkstatt-horn.de\/index.php?rest_route=\/wp\/v2\/posts"}],"about":[{"href":"http:\/\/bautagebuch-horner-freiheit.geschichtswerkstatt-horn.de\/index.php?rest_route=\/wp\/v2\/types\/post"}],"author":[{"embeddable":true,"href":"http:\/\/bautagebuch-horner-freiheit.geschichtswerkstatt-horn.de\/index.php?rest_route=\/wp\/v2\/users\/1"}],"replies":[{"embeddable":true,"href":"http:\/\/bautagebuch-horner-freiheit.geschichtswerkstatt-horn.de\/index.php?rest_route=%2Fwp%2Fv2%2Fcomments&post=1047"}],"version-history":[{"count":0,"href":"http:\/\/bautagebuch-horner-freiheit.geschichtswerkstatt-horn.de\/index.php?rest_route=\/wp\/v2\/posts\/1047\/revisions"}],"wp:attachment":[{"href":"http:\/\/bautagebuch-horner-freiheit.geschichtswerkstatt-horn.de\/index.php?rest_route=%2Fwp%2Fv2%2Fmedia&parent=1047"}],"wp:term":[{"taxonomy":"category","embeddable":true,"href":"http:\/\/bautagebuch-horner-freiheit.geschichtswerkstatt-horn.de\/index.php?rest_route=%2Fwp%2Fv2%2Fcategories&post=1047"},{"taxonomy":"post_tag","embeddable":true,"href":"http:\/\/bautagebuch-horner-freiheit.geschichtswerkstatt-horn.de\/index.php?rest_route=%2Fwp%2Fv2%2Ftags&post=1047"}],"curies":[{"name":"wp","href":"https:\/\/api.w.org\/{rel}","templated":true}]}}