{"id":1068,"date":"2016-02-11T21:54:37","date_gmt":"2016-02-11T20:54:37","guid":{"rendered":"http:\/\/baublog.horner-freiheit.de\/?p=1068"},"modified":"2016-02-11T21:54:37","modified_gmt":"2016-02-11T20:54:37","slug":"10-02-2016-vorhang-auf-film-ab","status":"publish","type":"post","link":"http:\/\/bautagebuch-horner-freiheit.geschichtswerkstatt-horn.de\/?p=1068","title":{"rendered":"10.02.2016 Vorhang auf, Film ab &#8230;"},"content":{"rendered":"<p style=\"text-align: justify;\"><a href=\"http:\/\/baublog.horner-freiheit.de\/wp-content\/uploads\/2016\/02\/webDSCN1613.jpg\" rel=\"attachment wp-att-1066\"><img loading=\"lazy\" class=\"alignnone wp-image-1066 size-full\" src=\"http:\/\/baublog.horner-freiheit.de\/wp-content\/uploads\/2016\/02\/webDSCN1613.jpg\" alt=\"B\u00fchne, Vorhang geschlossen\" width=\"600\" height=\"450\" \/><\/a>Jetzt ist er wirklich da: Der rote B\u00fchnenvorhang! Was am <a href=\"http:\/\/baublog.horner-freiheit.de\/?p=914\" target=\"_blank\" rel=\"noopener noreferrer\">7. Januar<\/a> noch eine PhotoShop-Spielerei war, ist nun Realit\u00e4t. Auch das Rednerpult ist mittlerweile eingetroffen. Bei Licht und Ton fehlt noch die Einweisung &#8211; dann ist im Saal alles komplett.<br \/>\n<a href=\"http:\/\/baublog.horner-freiheit.de\/wp-content\/uploads\/2016\/02\/webDSCN1610.jpg\" rel=\"attachment wp-att-1065\"><img loading=\"lazy\" class=\"alignnone wp-image-1065 size-medium\" src=\"http:\/\/baublog.horner-freiheit.de\/wp-content\/uploads\/2016\/02\/webDSCN1610-300x225.jpg\" alt=\"B\u00fchne, Vorhang ge\u00f6ffnet\" width=\"300\" height=\"225\" \/><\/a> <a href=\"http:\/\/baublog.horner-freiheit.de\/wp-content\/uploads\/2016\/02\/webDSCN1614.jpg\" rel=\"attachment wp-att-1067\"><img loading=\"lazy\" class=\"alignnone size-medium wp-image-1067\" src=\"http:\/\/baublog.horner-freiheit.de\/wp-content\/uploads\/2016\/02\/webDSCN1614-300x225.jpg\" alt=\"B\u00fchne mit heruntergelassener Leinwand\" width=\"300\" height=\"225\" \/><\/a>Der elektrisch zu \u00f6ffnende Vorhang gibt den Blick frei auf die 10qm gro\u00dfe B\u00fchne &#8211; &#8222;klein, aber fein&#8220; lautet das Motto. Unter der B\u00fchne lagern mobile Elemente, mit der sich die Fl\u00e4che der B\u00fchne verdoppeln l\u00e4sst. Die B\u00fchnenw\u00e4nde lassen sich komplett schwarz verkleiden, womit wir dem Wunsch vieler K\u00fcnstler entsprechen. Direkt hinter dem Vorhang h\u00e4ngt die 9,5qm gro\u00dfe Leinwand im Format 16:9, mit der in Horn wieder ein kleines Kino auferstehen k\u00f6nnte. Wir arbeiten dran!<\/p>\n<p style=\"text-align: center;\">Sie m\u00f6chten den Saal f\u00fcr dienstliche oder private Zwecke buchen? Kein Problem!<br \/>\nWenden Sie sich einfach an unseren Koordinator Malte Stehr:<br \/>\nper Mail unter \u201ekoordination[\u00e4t]hornerfreiheit.de\u201c<br \/>\noder per Telefon unter 0157 311 312 43.<br \/>\n<a href=\"http:\/\/www.stadtteilhaus-horn.de\/Vermietungsflyer-1.pdf\" target=\"_blank\" rel=\"noopener noreferrer\">Flyer zum Download<\/a><\/p>\n","protected":false},"excerpt":{"rendered":"<p>Jetzt ist er wirklich da: Der rote B\u00fchnenvorhang! Was am 7. Januar noch eine PhotoShop-Spielerei war, ist nun Realit\u00e4t. Auch das Rednerpult ist mittlerweile eingetroffen. Bei Licht und Ton fehlt noch die Einweisung &#8211; dann ist im Saal alles komplett. Der elektrisch zu \u00f6ffnende Vorhang gibt den Blick frei auf die 10qm gro\u00dfe B\u00fchne &#8211; &hellip; <\/p>\n<p class=\"link-more\"><a href=\"http:\/\/bautagebuch-horner-freiheit.geschichtswerkstatt-horn.de\/?p=1068\" class=\"more-link\"><span class=\"screen-reader-text\">\u201e10.02.2016 Vorhang auf, Film ab &#8230;\u201c<\/span> weiterlesen<\/a><\/p>\n","protected":false},"author":1,"featured_media":0,"comment_status":"closed","ping_status":"closed","sticky":false,"template":"","format":"standard","meta":[],"categories":[2],"tags":[],"_links":{"self":[{"href":"http:\/\/bautagebuch-horner-freiheit.geschichtswerkstatt-horn.de\/index.php?rest_route=\/wp\/v2\/posts\/1068"}],"collection":[{"href":"http:\/\/bautagebuch-horner-freiheit.geschichtswerkstatt-horn.de\/index.php?rest_route=\/wp\/v2\/posts"}],"about":[{"href":"http:\/\/bautagebuch-horner-freiheit.geschichtswerkstatt-horn.de\/index.php?rest_route=\/wp\/v2\/types\/post"}],"author":[{"embeddable":true,"href":"http:\/\/bautagebuch-horner-freiheit.geschichtswerkstatt-horn.de\/index.php?rest_route=\/wp\/v2\/users\/1"}],"replies":[{"embeddable":true,"href":"http:\/\/bautagebuch-horner-freiheit.geschichtswerkstatt-horn.de\/index.php?rest_route=%2Fwp%2Fv2%2Fcomments&post=1068"}],"version-history":[{"count":0,"href":"http:\/\/bautagebuch-horner-freiheit.geschichtswerkstatt-horn.de\/index.php?rest_route=\/wp\/v2\/posts\/1068\/revisions"}],"wp:attachment":[{"href":"http:\/\/bautagebuch-horner-freiheit.geschichtswerkstatt-horn.de\/index.php?rest_route=%2Fwp%2Fv2%2Fmedia&parent=1068"}],"wp:term":[{"taxonomy":"category","embeddable":true,"href":"http:\/\/bautagebuch-horner-freiheit.geschichtswerkstatt-horn.de\/index.php?rest_route=%2Fwp%2Fv2%2Fcategories&post=1068"},{"taxonomy":"post_tag","embeddable":true,"href":"http:\/\/bautagebuch-horner-freiheit.geschichtswerkstatt-horn.de\/index.php?rest_route=%2Fwp%2Fv2%2Ftags&post=1068"}],"curies":[{"name":"wp","href":"https:\/\/api.w.org\/{rel}","templated":true}]}}