{"id":1076,"date":"2016-02-24T00:01:21","date_gmt":"2016-02-23T23:01:21","guid":{"rendered":"http:\/\/baublog.horner-freiheit.de\/?p=1076"},"modified":"2016-02-24T00:01:21","modified_gmt":"2016-02-23T23:01:21","slug":"23-02-2016-hereinspaziert","status":"publish","type":"post","link":"http:\/\/bautagebuch-horner-freiheit.geschichtswerkstatt-horn.de\/?p=1076","title":{"rendered":"23.02.2016 Hereinspaziert!"},"content":{"rendered":"<p style=\"text-align: justify;\"><a href=\"http:\/\/baublog.horner-freiheit.de\/wp-content\/uploads\/2016\/02\/webDSCN1802.jpg\" rel=\"attachment wp-att-1074\"><img loading=\"lazy\" class=\"alignnone wp-image-1074 size-full\" src=\"http:\/\/baublog.horner-freiheit.de\/wp-content\/uploads\/2016\/02\/webDSCN1802.jpg\" alt=\"lange Schlangen vor dem Eingang zum Saal\" width=\"600\" height=\"461\" \/><\/a>Das Warten hat ein Ende! Heute konnten die Horner erstmalig in &#8222;ihren&#8220; Saal! Die Geschichtswerkstatt Horn hatte zu einem Lichtbildervortrag eingeladen, in dem es um &#8222;Horner Geheimnisse&#8220; ging. Sicher lockte nicht nur der kostenlose Eintritt zu dieser Premiere, sondern auch der Titel. Oder war es einfach schlicht die Neugier auf das neue Haus? Jedenfalls kamen 102 (!) G\u00e4ste zur Veranstaltung und staunten schon einmal, dass es zu Begr\u00fc\u00dfung einen Sekt gab!<br \/>\n<a href=\"http:\/\/baublog.horner-freiheit.de\/wp-content\/uploads\/2016\/02\/webDSCN1792a.jpg\" rel=\"attachment wp-att-1085\"><img loading=\"lazy\" class=\"alignnone wp-image-1085 size-full\" src=\"http:\/\/baublog.horner-freiheit.de\/wp-content\/uploads\/2016\/02\/webDSCN1792a.jpg\" alt=\"Prost - zur Begr\u00fc\u00dfung gab es ein Glas Sekt oder O-Saft.\" width=\"600\" height=\"453\" \/><\/a>Am alten Standort der Geschichtswerkstatt w\u00e4ren 36 Besucher das Maximum gewesen, was der alte Raum an Platz bot und selbst bei Vortr\u00e4gen im Gemeindesaal kamen kaum mehr. So waren auch die Mitglieder des Stadtteilarchivs v\u00f6llig \u00fcberrascht von der Resonanz. Viele waren erst durch die Plakatwerbung im Stadtteilhaus auf den Verein und seine Vortr\u00e4ge aufmerksam geworden. Und es war sogar &#8222;Laufkundschaft&#8220; dabei, die erst im Vorbeigehen sahen, was heute im Haus los war.<br \/>\n<a href=\"http:\/\/baublog.horner-freiheit.de\/wp-content\/uploads\/2016\/02\/webDSCN1812.jpg\" rel=\"attachment wp-att-1075\"><img loading=\"lazy\" class=\"alignnone wp-image-1075 size-full\" src=\"http:\/\/baublog.horner-freiheit.de\/wp-content\/uploads\/2016\/02\/webDSCN1812.jpg\" alt=\"102 G\u00e4ste folgten gespannt dem Vortrag \u00fcber die Horner Geheimnisse\" width=\"600\" height=\"450\" \/><\/a><\/p>\n<p style=\"text-align: justify;\">Alles in allem also ein guter Start f\u00fcr Veranstaltungen dieser Art im Stadtteilhaus! Man darf gespannt sein, wie viele G\u00e4ste am <a href=\"http:\/\/www.geschichtswerkstatt-horn.de\/Aktivitaeten\/Stadtteilrundgange\/Strassenbahn\/strassenbahn.html\" target=\"_blank\" rel=\"noopener noreferrer\">8. M\u00e4rz zum Vortrag \u00fcber die Horner Stra\u00dfenbahn kommen!<\/a><\/p>\n","protected":false},"excerpt":{"rendered":"<p>Das Warten hat ein Ende! Heute konnten die Horner erstmalig in &#8222;ihren&#8220; Saal! Die Geschichtswerkstatt Horn hatte zu einem Lichtbildervortrag eingeladen, in dem es um &#8222;Horner Geheimnisse&#8220; ging. Sicher lockte nicht nur der kostenlose Eintritt zu dieser Premiere, sondern auch der Titel. Oder war es einfach schlicht die Neugier auf das neue Haus? Jedenfalls kamen &hellip; <\/p>\n<p class=\"link-more\"><a href=\"http:\/\/bautagebuch-horner-freiheit.geschichtswerkstatt-horn.de\/?p=1076\" class=\"more-link\"><span class=\"screen-reader-text\">\u201e23.02.2016 Hereinspaziert!\u201c<\/span> weiterlesen<\/a><\/p>\n","protected":false},"author":1,"featured_media":0,"comment_status":"closed","ping_status":"closed","sticky":false,"template":"","format":"standard","meta":[],"categories":[2],"tags":[],"_links":{"self":[{"href":"http:\/\/bautagebuch-horner-freiheit.geschichtswerkstatt-horn.de\/index.php?rest_route=\/wp\/v2\/posts\/1076"}],"collection":[{"href":"http:\/\/bautagebuch-horner-freiheit.geschichtswerkstatt-horn.de\/index.php?rest_route=\/wp\/v2\/posts"}],"about":[{"href":"http:\/\/bautagebuch-horner-freiheit.geschichtswerkstatt-horn.de\/index.php?rest_route=\/wp\/v2\/types\/post"}],"author":[{"embeddable":true,"href":"http:\/\/bautagebuch-horner-freiheit.geschichtswerkstatt-horn.de\/index.php?rest_route=\/wp\/v2\/users\/1"}],"replies":[{"embeddable":true,"href":"http:\/\/bautagebuch-horner-freiheit.geschichtswerkstatt-horn.de\/index.php?rest_route=%2Fwp%2Fv2%2Fcomments&post=1076"}],"version-history":[{"count":0,"href":"http:\/\/bautagebuch-horner-freiheit.geschichtswerkstatt-horn.de\/index.php?rest_route=\/wp\/v2\/posts\/1076\/revisions"}],"wp:attachment":[{"href":"http:\/\/bautagebuch-horner-freiheit.geschichtswerkstatt-horn.de\/index.php?rest_route=%2Fwp%2Fv2%2Fmedia&parent=1076"}],"wp:term":[{"taxonomy":"category","embeddable":true,"href":"http:\/\/bautagebuch-horner-freiheit.geschichtswerkstatt-horn.de\/index.php?rest_route=%2Fwp%2Fv2%2Fcategories&post=1076"},{"taxonomy":"post_tag","embeddable":true,"href":"http:\/\/bautagebuch-horner-freiheit.geschichtswerkstatt-horn.de\/index.php?rest_route=%2Fwp%2Fv2%2Ftags&post=1076"}],"curies":[{"name":"wp","href":"https:\/\/api.w.org\/{rel}","templated":true}]}}