{"id":394,"date":"2015-03-25T23:13:45","date_gmt":"2015-03-25T22:13:45","guid":{"rendered":"http:\/\/baublog.horner-freiheit.de\/?p=394"},"modified":"2015-03-25T23:13:45","modified_gmt":"2015-03-25T22:13:45","slug":"25-03-2015-hereinspaziert","status":"publish","type":"post","link":"http:\/\/bautagebuch-horner-freiheit.geschichtswerkstatt-horn.de\/?p=394","title":{"rendered":"25.03.2015 Hereinspaziert &#8230;"},"content":{"rendered":"<p style=\"text-align: justify;\"><a href=\"http:\/\/bautagebuch-horner-freiheit.geschichtswerkstatt-horn.de\/wp-content\/uploads\/2015\/03\/Eingang.gif\"><img loading=\"lazy\" class=\"alignnone size-full wp-image-388\" src=\"http:\/\/bautagebuch-horner-freiheit.geschichtswerkstatt-horn.de\/wp-content\/uploads\/2015\/03\/Eingang.gif\" alt=\"Eingang\" width=\"600\" height=\"400\" \/><\/a><br \/>\nT\u00e4glich kommen neue W\u00e4nde im Erdgeschoss hinzu! Heute wurde die Verschalung f\u00fcr die linke Wand im Foyer aufgestellt. Die \u00dcberblendung zeigt, dass sich in diesem Bereich sp\u00e4ter der Eingang mit seiner gro\u00dfz\u00fcgigen Glasfassade befindet. Hinter der Wand links au\u00dfen wird das B\u00fcro der B\u00fccherhalle liegen. Das untere Bild zeigt dasselbe Areal aus der Vogelperspektive. Durch das &#8222;Loch&#8220; in der Wandmitte gelangt man vom Foyer in die B\u00fccherhalle, zum Info-B\u00fcro und ins Treppenhaus.<br \/>\n<a href=\"http:\/\/bautagebuch-horner-freiheit.geschichtswerkstatt-horn.de\/wp-content\/uploads\/2015\/03\/B-Halle.gif\"><img loading=\"lazy\" class=\"alignnone size-full wp-image-397\" src=\"http:\/\/bautagebuch-horner-freiheit.geschichtswerkstatt-horn.de\/wp-content\/uploads\/2015\/03\/B-Halle.gif\" alt=\"B-Halle\" width=\"600\" height=\"900\" \/><\/a><br \/>\nDieser Beitrag verwendet animierte Bilder. Beim Microsoft-Internet-Explorer muss die Anzeige dieser Bilder freigegeben werden! Anleitung dazu<a title=\"Hinweise zur Bilddarstellung\" href=\"http:\/\/baublog.horner-freiheit.de\/?page_id=400\"><strong><em> &gt; hier!<\/em><\/strong><\/a><\/p>\n","protected":false},"excerpt":{"rendered":"<p>T\u00e4glich kommen neue W\u00e4nde im Erdgeschoss hinzu! Heute wurde die Verschalung f\u00fcr die linke Wand im Foyer aufgestellt. Die \u00dcberblendung zeigt, dass sich in diesem Bereich sp\u00e4ter der Eingang mit seiner gro\u00dfz\u00fcgigen Glasfassade befindet. Hinter der Wand links au\u00dfen wird das B\u00fcro der B\u00fccherhalle liegen. Das untere Bild zeigt dasselbe Areal aus der Vogelperspektive. Durch &hellip; <\/p>\n<p class=\"link-more\"><a href=\"http:\/\/bautagebuch-horner-freiheit.geschichtswerkstatt-horn.de\/?p=394\" class=\"more-link\"><span class=\"screen-reader-text\">\u201e25.03.2015 Hereinspaziert &#8230;\u201c<\/span> weiterlesen<\/a><\/p>\n","protected":false},"author":1,"featured_media":0,"comment_status":"closed","ping_status":"closed","sticky":false,"template":"","format":"standard","meta":[],"categories":[2],"tags":[],"_links":{"self":[{"href":"http:\/\/bautagebuch-horner-freiheit.geschichtswerkstatt-horn.de\/index.php?rest_route=\/wp\/v2\/posts\/394"}],"collection":[{"href":"http:\/\/bautagebuch-horner-freiheit.geschichtswerkstatt-horn.de\/index.php?rest_route=\/wp\/v2\/posts"}],"about":[{"href":"http:\/\/bautagebuch-horner-freiheit.geschichtswerkstatt-horn.de\/index.php?rest_route=\/wp\/v2\/types\/post"}],"author":[{"embeddable":true,"href":"http:\/\/bautagebuch-horner-freiheit.geschichtswerkstatt-horn.de\/index.php?rest_route=\/wp\/v2\/users\/1"}],"replies":[{"embeddable":true,"href":"http:\/\/bautagebuch-horner-freiheit.geschichtswerkstatt-horn.de\/index.php?rest_route=%2Fwp%2Fv2%2Fcomments&post=394"}],"version-history":[{"count":0,"href":"http:\/\/bautagebuch-horner-freiheit.geschichtswerkstatt-horn.de\/index.php?rest_route=\/wp\/v2\/posts\/394\/revisions"}],"wp:attachment":[{"href":"http:\/\/bautagebuch-horner-freiheit.geschichtswerkstatt-horn.de\/index.php?rest_route=%2Fwp%2Fv2%2Fmedia&parent=394"}],"wp:term":[{"taxonomy":"category","embeddable":true,"href":"http:\/\/bautagebuch-horner-freiheit.geschichtswerkstatt-horn.de\/index.php?rest_route=%2Fwp%2Fv2%2Fcategories&post=394"},{"taxonomy":"post_tag","embeddable":true,"href":"http:\/\/bautagebuch-horner-freiheit.geschichtswerkstatt-horn.de\/index.php?rest_route=%2Fwp%2Fv2%2Ftags&post=394"}],"curies":[{"name":"wp","href":"https:\/\/api.w.org\/{rel}","templated":true}]}}