{"id":585,"date":"2015-06-01T21:06:32","date_gmt":"2015-06-01T19:06:32","guid":{"rendered":"http:\/\/baublog.horner-freiheit.de\/?p=585"},"modified":"2015-06-01T21:06:32","modified_gmt":"2015-06-01T19:06:32","slug":"31-05-2015-monatsrueckblick-mai","status":"publish","type":"post","link":"http:\/\/bautagebuch-horner-freiheit.geschichtswerkstatt-horn.de\/?p=585","title":{"rendered":"31.05.2015 Monatsr\u00fcckblick Mai"},"content":{"rendered":"<p><a href=\"http:\/\/baublog.horner-freiheit.de\/wp-content\/uploads\/2015\/06\/05-OG.gif\"><img loading=\"lazy\" class=\"alignnone size-full wp-image-580\" src=\"http:\/\/baublog.horner-freiheit.de\/wp-content\/uploads\/2015\/06\/05-OG.gif\" alt=\"05-OG\" width=\"600\" height=\"438\" \/><\/a><\/p>\n<p>Mit dem Eisengeflecht auf der Decke vom Erdgeschoss ging es im Mai los &#8211; 17 Arbeitstage sp\u00e4ter sind fast alle Betonw\u00e4nde im Obergeschoss fertig. Es fehlen noch einige Unterz\u00fcge bei den Fenstern und dann kommt der Deckel &#8218;drauf. Nach heutiger Planung werden wir im n\u00e4chsten Monat das geschlossene Dach sehen, womit dann auch die Berichterstattung von hier oben aus dem Kran beendet w\u00e4re.<\/p>\n<p>Dieser Beitrag verwendet ein animiertes Bild. Beim Microsoft-Internet-Explorer muss die Anzeige dieser Bilder freigegeben werden! Anleitung dazu<a title=\"Hinweise zur Bilddarstellung\" href=\"http:\/\/baublog.horner-freiheit.de\/?page_id=400\"><strong><em> &gt; hier!<\/em><\/strong><\/a><\/p>\n","protected":false},"excerpt":{"rendered":"<p>Mit dem Eisengeflecht auf der Decke vom Erdgeschoss ging es im Mai los &#8211; 17 Arbeitstage sp\u00e4ter sind fast alle Betonw\u00e4nde im Obergeschoss fertig. Es fehlen noch einige Unterz\u00fcge bei den Fenstern und dann kommt der Deckel &#8218;drauf. Nach heutiger Planung werden wir im n\u00e4chsten Monat das geschlossene Dach sehen, womit dann auch die Berichterstattung &hellip; <\/p>\n<p class=\"link-more\"><a href=\"http:\/\/bautagebuch-horner-freiheit.geschichtswerkstatt-horn.de\/?p=585\" class=\"more-link\"><span class=\"screen-reader-text\">\u201e31.05.2015 Monatsr\u00fcckblick Mai\u201c<\/span> weiterlesen<\/a><\/p>\n","protected":false},"author":1,"featured_media":0,"comment_status":"closed","ping_status":"closed","sticky":false,"template":"","format":"standard","meta":[],"categories":[2],"tags":[],"_links":{"self":[{"href":"http:\/\/bautagebuch-horner-freiheit.geschichtswerkstatt-horn.de\/index.php?rest_route=\/wp\/v2\/posts\/585"}],"collection":[{"href":"http:\/\/bautagebuch-horner-freiheit.geschichtswerkstatt-horn.de\/index.php?rest_route=\/wp\/v2\/posts"}],"about":[{"href":"http:\/\/bautagebuch-horner-freiheit.geschichtswerkstatt-horn.de\/index.php?rest_route=\/wp\/v2\/types\/post"}],"author":[{"embeddable":true,"href":"http:\/\/bautagebuch-horner-freiheit.geschichtswerkstatt-horn.de\/index.php?rest_route=\/wp\/v2\/users\/1"}],"replies":[{"embeddable":true,"href":"http:\/\/bautagebuch-horner-freiheit.geschichtswerkstatt-horn.de\/index.php?rest_route=%2Fwp%2Fv2%2Fcomments&post=585"}],"version-history":[{"count":0,"href":"http:\/\/bautagebuch-horner-freiheit.geschichtswerkstatt-horn.de\/index.php?rest_route=\/wp\/v2\/posts\/585\/revisions"}],"wp:attachment":[{"href":"http:\/\/bautagebuch-horner-freiheit.geschichtswerkstatt-horn.de\/index.php?rest_route=%2Fwp%2Fv2%2Fmedia&parent=585"}],"wp:term":[{"taxonomy":"category","embeddable":true,"href":"http:\/\/bautagebuch-horner-freiheit.geschichtswerkstatt-horn.de\/index.php?rest_route=%2Fwp%2Fv2%2Fcategories&post=585"},{"taxonomy":"post_tag","embeddable":true,"href":"http:\/\/bautagebuch-horner-freiheit.geschichtswerkstatt-horn.de\/index.php?rest_route=%2Fwp%2Fv2%2Ftags&post=585"}],"curies":[{"name":"wp","href":"https:\/\/api.w.org\/{rel}","templated":true}]}}