{"id":592,"date":"2015-06-01T23:10:22","date_gmt":"2015-06-01T21:10:22","guid":{"rendered":"http:\/\/baublog.horner-freiheit.de\/?p=592"},"modified":"2015-06-01T23:10:22","modified_gmt":"2015-06-01T21:10:22","slug":"01-06-2015-info-wagen-bis-18-6-weiter-geoeffnet","status":"publish","type":"post","link":"http:\/\/bautagebuch-horner-freiheit.geschichtswerkstatt-horn.de\/?p=592","title":{"rendered":"01.06.2015 Info-Wagen bis 18.6. weiter ge\u00f6ffnet!"},"content":{"rendered":"<p style=\"text-align: center;\"><a href=\"http:\/\/bautagebuch-horner-freiheit.geschichtswerkstatt-horn.de\/wp-content\/uploads\/2015\/06\/Info-Stand-Horner-Freiheit-web.jpg\"><img loading=\"lazy\" class=\"alignnone wp-image-594 size-full\" src=\"http:\/\/bautagebuch-horner-freiheit.geschichtswerkstatt-horn.de\/wp-content\/uploads\/2015\/06\/Info-Stand-Horner-Freiheit-web.jpg\" alt=\"Info-Stand Horner Freiheit web\" width=\"400\" height=\"533\" srcset=\"http:\/\/bautagebuch-horner-freiheit.geschichtswerkstatt-horn.de\/wp-content\/uploads\/2015\/06\/Info-Stand-Horner-Freiheit-web.jpg 400w, http:\/\/bautagebuch-horner-freiheit.geschichtswerkstatt-horn.de\/wp-content\/uploads\/2015\/06\/Info-Stand-Horner-Freiheit-web-225x300.jpg 225w\" sizes=\"(max-width: 400px) 100vw, 400px\" \/><\/a><\/p>\n<p style=\"text-align: justify;\">Die Resonanz der Horner auf unseren <a title=\"04.05.2015 Info er\u00f6ffnet!\" href=\"http:\/\/baublog.horner-freiheit.de\/?p=485\" target=\"_blank\" rel=\"noopener noreferrer\">Infostand<\/a> war \u00fcberw\u00e4ltigend! Allein in der ersten Woche wurde \u00fcber 800 Flyer verteilt und es fanden unz\u00e4hlige &#8211; teilweise intensive &#8211; Gespr\u00e4che statt. Der gr\u00f6\u00dfte Teil freut sich schon riesig auf das neue Haus. Viele, die eigentlich vorbeigehen wollten, blieben beim Stichwort B\u00fccherhalle und Caf\u00e9 May dann doch spontan f\u00fcr weitere Informationen stehen.<br \/>\nEs kamen auch viele neue Anregungen, was sp\u00e4ter im Haus noch alles auf dem Programm stehen k\u00f6nnte. Wenn nur ein Bruchteil davon umgesetzt wird, m\u00fcssen wir uns \u00fcber die Auslastung keine Gedanken machen.<\/p>\n<p style=\"text-align: justify;\">Weil es so gut lief, hat der Tr\u00e4gerverein die Verl\u00e4ngerung des <strong><span style=\"color: #ff0000;\">Standdienstes bis zum 18.6.<\/span> <\/strong>beschlossen. Allerdings nur noch <strong><span style=\"color: #ff0000;\">dienstags und donnerstags von 16 &#8211; 18 Uhr<\/span><\/strong>. Die Erfahrungen im Mai haben gezeigt, dass der Vormittag ung\u00fcnstig ist, da es viele eilig haben, um ihre Bahn zu erreichen. Nachmittags waren die Gespr\u00e4che wesentlich entspannter.<\/p>\n<p style=\"text-align: justify;\">Nutzen Sie die Gelegenheit, sich aus erster Hand \u00fcber das neue Haus zu informieren.<\/p>\n<h6 style=\"text-align: center;\"><strong>Also: Vorbeikommen, informieren, mitgestalten und gewinnen!<\/strong><\/h6>\n","protected":false},"excerpt":{"rendered":"<p>Die Resonanz der Horner auf unseren Infostand war \u00fcberw\u00e4ltigend! Allein in der ersten Woche wurde \u00fcber 800 Flyer verteilt und es fanden unz\u00e4hlige &#8211; teilweise intensive &#8211; Gespr\u00e4che statt. Der gr\u00f6\u00dfte Teil freut sich schon riesig auf das neue Haus. Viele, die eigentlich vorbeigehen wollten, blieben beim Stichwort B\u00fccherhalle und Caf\u00e9 May dann doch spontan &hellip; <\/p>\n<p class=\"link-more\"><a href=\"http:\/\/bautagebuch-horner-freiheit.geschichtswerkstatt-horn.de\/?p=592\" class=\"more-link\"><span class=\"screen-reader-text\">\u201e01.06.2015 Info-Wagen bis 18.6. weiter ge\u00f6ffnet!\u201c<\/span> weiterlesen<\/a><\/p>\n","protected":false},"author":1,"featured_media":0,"comment_status":"closed","ping_status":"closed","sticky":false,"template":"","format":"standard","meta":[],"categories":[2],"tags":[],"_links":{"self":[{"href":"http:\/\/bautagebuch-horner-freiheit.geschichtswerkstatt-horn.de\/index.php?rest_route=\/wp\/v2\/posts\/592"}],"collection":[{"href":"http:\/\/bautagebuch-horner-freiheit.geschichtswerkstatt-horn.de\/index.php?rest_route=\/wp\/v2\/posts"}],"about":[{"href":"http:\/\/bautagebuch-horner-freiheit.geschichtswerkstatt-horn.de\/index.php?rest_route=\/wp\/v2\/types\/post"}],"author":[{"embeddable":true,"href":"http:\/\/bautagebuch-horner-freiheit.geschichtswerkstatt-horn.de\/index.php?rest_route=\/wp\/v2\/users\/1"}],"replies":[{"embeddable":true,"href":"http:\/\/bautagebuch-horner-freiheit.geschichtswerkstatt-horn.de\/index.php?rest_route=%2Fwp%2Fv2%2Fcomments&post=592"}],"version-history":[{"count":0,"href":"http:\/\/bautagebuch-horner-freiheit.geschichtswerkstatt-horn.de\/index.php?rest_route=\/wp\/v2\/posts\/592\/revisions"}],"wp:attachment":[{"href":"http:\/\/bautagebuch-horner-freiheit.geschichtswerkstatt-horn.de\/index.php?rest_route=%2Fwp%2Fv2%2Fmedia&parent=592"}],"wp:term":[{"taxonomy":"category","embeddable":true,"href":"http:\/\/bautagebuch-horner-freiheit.geschichtswerkstatt-horn.de\/index.php?rest_route=%2Fwp%2Fv2%2Fcategories&post=592"},{"taxonomy":"post_tag","embeddable":true,"href":"http:\/\/bautagebuch-horner-freiheit.geschichtswerkstatt-horn.de\/index.php?rest_route=%2Fwp%2Fv2%2Ftags&post=592"}],"curies":[{"name":"wp","href":"https:\/\/api.w.org\/{rel}","templated":true}]}}