{"id":618,"date":"2015-06-05T21:55:20","date_gmt":"2015-06-05T19:55:20","guid":{"rendered":"http:\/\/baublog.horner-freiheit.de\/?p=618"},"modified":"2015-06-05T21:55:20","modified_gmt":"2015-06-05T19:55:20","slug":"05-06-2015-von-baustelle-zu-baustelle","status":"publish","type":"post","link":"http:\/\/bautagebuch-horner-freiheit.geschichtswerkstatt-horn.de\/?p=618","title":{"rendered":"05.06.2015 Von Baustelle zu Baustelle"},"content":{"rendered":"<p><a href=\"http:\/\/baublog.horner-freiheit.de\/wp-content\/uploads\/2015\/06\/DSCN8897web.jpg\"><img loading=\"lazy\" class=\"alignnone size-full wp-image-616\" src=\"http:\/\/baublog.horner-freiheit.de\/wp-content\/uploads\/2015\/06\/DSCN8897web.jpg\" alt=\"DSCN8897web\" width=\"600\" height=\"450\" \/><\/a><\/p>\n<p style=\"text-align: justify;\">Im Flimmern der Mittagssonne blicken wir von Baukran zu Baukran, von Baustelle zu Baustelle. Die gern gestellte Frage &#8222;Wir oder die Elbphilharmonie? Wer wird fr\u00fcher fertig?&#8220; d\u00fcrfte aus heutiger Sicht wohl klar zu beantworten sein. Morgen beim Stadtteilfest kann man \u00fcbrigens mit dem richtigen Tipp unseres Er\u00f6ffnungstages eine Freikarte f\u00fcr zwei Personen gewinnen. Sie gilt ab Er\u00f6ffnungstag f\u00fcr alle Saalveranstaltungen der folgenden 365 Tage, die vom Tr\u00e4gerverein veranstaltet werden! Besuchen Sie uns am Stand des Stadtteilvereins\/Geschichtswerkstatt!<br \/>\n\u00dcbrigens: Mit dem Bau der Elbphilharmonie begann man im April 2007. Bereits einen Monat fr\u00fcher &#8211; im M\u00e4rz &#8211; wurde auf der Zukunftskonferenz Billstedt\/Horn erstmals unter der \u00dcberschrift &#8222;Neue Mitte Horn&#8220; das Konzept f\u00fcr ein Stadtteilhaus vorgestellt und diskutiert.<\/p>\n<p style=\"text-align: justify;\">Und wo wir bei dem sch\u00f6nen Wetter schon mal hier oben in luftiger H\u00f6he sind, bietet sich ein neuer Rundblick an. Interessant dazu der Vergleich mit dem ersten Panorama, das von hier oben entstand.<br \/>\n<a href=\"http:\/\/baublog.horner-freiheit.de\/wp-content\/uploads\/2015\/06\/Horn-Panorama-2-2048.jpg\"><img loading=\"lazy\" class=\"alignnone size-large wp-image-615\" src=\"http:\/\/baublog.horner-freiheit.de\/wp-content\/uploads\/2015\/06\/Horn-Panorama-2-2048-1024x206.jpg\" alt=\"Horn-Panorama-2-2048\" width=\"604\" height=\"122\" \/><\/a><br \/>\nEin Klick auf das Panorama vergr\u00f6\u00dfert es bildschirmf\u00fcllend. \u00a9 2015 Gerd von Borstel<\/p>\n<p style=\"text-align: justify;\"><a href=\"http:\/\/bautagebuch-horner-freiheit.geschichtswerkstatt-horn.de\/wp-content\/uploads\/2015\/03\/Pano-4-oK-web.jpg\"><img loading=\"lazy\" class=\"alignnone size-large wp-image-362\" src=\"http:\/\/bautagebuch-horner-freiheit.geschichtswerkstatt-horn.de\/wp-content\/uploads\/2015\/03\/Pano-4-oK-web-1024x236.jpg\" alt=\"Pano-4 oK web\" width=\"604\" height=\"139\" srcset=\"http:\/\/bautagebuch-horner-freiheit.geschichtswerkstatt-horn.de\/wp-content\/uploads\/2015\/03\/Pano-4-oK-web-1024x236.jpg 1024w, http:\/\/bautagebuch-horner-freiheit.geschichtswerkstatt-horn.de\/wp-content\/uploads\/2015\/03\/Pano-4-oK-web-300x69.jpg 300w, http:\/\/bautagebuch-horner-freiheit.geschichtswerkstatt-horn.de\/wp-content\/uploads\/2015\/03\/Pano-4-oK-web-768x177.jpg 768w, http:\/\/bautagebuch-horner-freiheit.geschichtswerkstatt-horn.de\/wp-content\/uploads\/2015\/03\/Pano-4-oK-web.jpg 1920w\" sizes=\"(max-width: 604px) 100vw, 604px\" \/><\/a><br \/>\nDas Panorama vom M\u00e4rz 2015. \u00a9 2015 Gerd von Borstel<\/p>\n","protected":false},"excerpt":{"rendered":"<p>Im Flimmern der Mittagssonne blicken wir von Baukran zu Baukran, von Baustelle zu Baustelle. Die gern gestellte Frage &#8222;Wir oder die Elbphilharmonie? Wer wird fr\u00fcher fertig?&#8220; d\u00fcrfte aus heutiger Sicht wohl klar zu beantworten sein. Morgen beim Stadtteilfest kann man \u00fcbrigens mit dem richtigen Tipp unseres Er\u00f6ffnungstages eine Freikarte f\u00fcr zwei Personen gewinnen. Sie gilt &hellip; <\/p>\n<p class=\"link-more\"><a href=\"http:\/\/bautagebuch-horner-freiheit.geschichtswerkstatt-horn.de\/?p=618\" class=\"more-link\"><span class=\"screen-reader-text\">\u201e05.06.2015 Von Baustelle zu Baustelle\u201c<\/span> weiterlesen<\/a><\/p>\n","protected":false},"author":1,"featured_media":0,"comment_status":"closed","ping_status":"closed","sticky":false,"template":"","format":"standard","meta":[],"categories":[2],"tags":[],"_links":{"self":[{"href":"http:\/\/bautagebuch-horner-freiheit.geschichtswerkstatt-horn.de\/index.php?rest_route=\/wp\/v2\/posts\/618"}],"collection":[{"href":"http:\/\/bautagebuch-horner-freiheit.geschichtswerkstatt-horn.de\/index.php?rest_route=\/wp\/v2\/posts"}],"about":[{"href":"http:\/\/bautagebuch-horner-freiheit.geschichtswerkstatt-horn.de\/index.php?rest_route=\/wp\/v2\/types\/post"}],"author":[{"embeddable":true,"href":"http:\/\/bautagebuch-horner-freiheit.geschichtswerkstatt-horn.de\/index.php?rest_route=\/wp\/v2\/users\/1"}],"replies":[{"embeddable":true,"href":"http:\/\/bautagebuch-horner-freiheit.geschichtswerkstatt-horn.de\/index.php?rest_route=%2Fwp%2Fv2%2Fcomments&post=618"}],"version-history":[{"count":0,"href":"http:\/\/bautagebuch-horner-freiheit.geschichtswerkstatt-horn.de\/index.php?rest_route=\/wp\/v2\/posts\/618\/revisions"}],"wp:attachment":[{"href":"http:\/\/bautagebuch-horner-freiheit.geschichtswerkstatt-horn.de\/index.php?rest_route=%2Fwp%2Fv2%2Fmedia&parent=618"}],"wp:term":[{"taxonomy":"category","embeddable":true,"href":"http:\/\/bautagebuch-horner-freiheit.geschichtswerkstatt-horn.de\/index.php?rest_route=%2Fwp%2Fv2%2Fcategories&post=618"},{"taxonomy":"post_tag","embeddable":true,"href":"http:\/\/bautagebuch-horner-freiheit.geschichtswerkstatt-horn.de\/index.php?rest_route=%2Fwp%2Fv2%2Ftags&post=618"}],"curies":[{"name":"wp","href":"https:\/\/api.w.org\/{rel}","templated":true}]}}