{"id":623,"date":"2015-06-08T23:26:02","date_gmt":"2015-06-08T21:26:02","guid":{"rendered":"http:\/\/baublog.horner-freiheit.de\/?p=623"},"modified":"2015-06-08T23:26:02","modified_gmt":"2015-06-08T21:26:02","slug":"08-06-2015-besenrein","status":"publish","type":"post","link":"http:\/\/bautagebuch-horner-freiheit.geschichtswerkstatt-horn.de\/?p=623","title":{"rendered":"08.06.2015 Besenrein"},"content":{"rendered":"<p style=\"text-align: justify;\"><a href=\"http:\/\/baublog.horner-freiheit.de\/wp-content\/uploads\/2015\/06\/DSCN8936web.jpg\"><img loading=\"lazy\" class=\"alignnone size-full wp-image-617\" src=\"http:\/\/baublog.horner-freiheit.de\/wp-content\/uploads\/2015\/06\/DSCN8936web.jpg\" alt=\"DSCN8936web\" width=\"600\" height=\"450\" \/><\/a><br \/>\nBereits zum Ende der letzten Woche begann man damit, das Erdgeschoss &#8222;besenrein&#8220; zu hinterlassen. Heute waren dann auch im Caf\u00e9 May und im Saal alle St\u00fctzpfeiler entfernt worden, so dass man den &#8222;totalen Durchblick&#8220; hat und sich die Raumgr\u00f6\u00dfen besser vorstellen kann (links: Saal, Blick von der &#8222;B\u00fchne&#8220;).<br \/>\n<a href=\"http:\/\/baublog.horner-freiheit.de\/wp-content\/uploads\/2015\/06\/DSCN9055web.jpg\"><img loading=\"lazy\" class=\"alignnone size-medium wp-image-622\" src=\"http:\/\/baublog.horner-freiheit.de\/wp-content\/uploads\/2015\/06\/DSCN9055web-300x225.jpg\" alt=\"DSCN9055web\" width=\"300\" height=\"225\" \/><\/a> <a href=\"http:\/\/baublog.horner-freiheit.de\/wp-content\/uploads\/2015\/06\/DSCN9051web.jpg\"><img loading=\"lazy\" class=\"alignnone size-medium wp-image-629\" src=\"http:\/\/baublog.horner-freiheit.de\/wp-content\/uploads\/2015\/06\/DSCN9051web-300x225.jpg\" alt=\"DSCN9051web\" width=\"300\" height=\"225\" \/><\/a>Im Caf\u00e9 May (rechts: Blick zum Eingangsbereich) fehlen allerdings noch alle W\u00e4nde! Diese werden sp\u00e4ter erst im Trockenbau errichtet. So sieht man aus dieser Perspektive z.B. noch den Durchgang zur zweiten Saalt\u00fcr. Es fehlt auch noch der K\u00fcchenbereich &#8211; angedeutet mit den roten Strichen. Wie es vielleicht sp\u00e4ter aussehen kann, zeigt die 3-D-Simulation:<br \/>\n<a href=\"http:\/\/baublog.horner-freiheit.de\/wp-content\/uploads\/2015\/06\/Cafe-May.jpg\"><img loading=\"lazy\" class=\"alignnone size-full wp-image-625\" src=\"http:\/\/baublog.horner-freiheit.de\/wp-content\/uploads\/2015\/06\/Cafe-May.jpg\" alt=\"Cafe May\" width=\"600\" height=\"275\" \/><\/a><br \/>\nDamit man die leicht erh\u00f6hte Sitzgruppe mit dem Fenster zum Foyer auch erkennen kann, habe ich die K\u00fcchenw\u00e4nde in der Simulation entfernt.<\/p>\n","protected":false},"excerpt":{"rendered":"<p>Bereits zum Ende der letzten Woche begann man damit, das Erdgeschoss &#8222;besenrein&#8220; zu hinterlassen. Heute waren dann auch im Caf\u00e9 May und im Saal alle St\u00fctzpfeiler entfernt worden, so dass man den &#8222;totalen Durchblick&#8220; hat und sich die Raumgr\u00f6\u00dfen besser vorstellen kann (links: Saal, Blick von der &#8222;B\u00fchne&#8220;). Im Caf\u00e9 May (rechts: Blick zum Eingangsbereich) &hellip; <\/p>\n<p class=\"link-more\"><a href=\"http:\/\/bautagebuch-horner-freiheit.geschichtswerkstatt-horn.de\/?p=623\" class=\"more-link\"><span class=\"screen-reader-text\">\u201e08.06.2015 Besenrein\u201c<\/span> weiterlesen<\/a><\/p>\n","protected":false},"author":1,"featured_media":0,"comment_status":"closed","ping_status":"closed","sticky":false,"template":"","format":"standard","meta":[],"categories":[2],"tags":[],"_links":{"self":[{"href":"http:\/\/bautagebuch-horner-freiheit.geschichtswerkstatt-horn.de\/index.php?rest_route=\/wp\/v2\/posts\/623"}],"collection":[{"href":"http:\/\/bautagebuch-horner-freiheit.geschichtswerkstatt-horn.de\/index.php?rest_route=\/wp\/v2\/posts"}],"about":[{"href":"http:\/\/bautagebuch-horner-freiheit.geschichtswerkstatt-horn.de\/index.php?rest_route=\/wp\/v2\/types\/post"}],"author":[{"embeddable":true,"href":"http:\/\/bautagebuch-horner-freiheit.geschichtswerkstatt-horn.de\/index.php?rest_route=\/wp\/v2\/users\/1"}],"replies":[{"embeddable":true,"href":"http:\/\/bautagebuch-horner-freiheit.geschichtswerkstatt-horn.de\/index.php?rest_route=%2Fwp%2Fv2%2Fcomments&post=623"}],"version-history":[{"count":0,"href":"http:\/\/bautagebuch-horner-freiheit.geschichtswerkstatt-horn.de\/index.php?rest_route=\/wp\/v2\/posts\/623\/revisions"}],"wp:attachment":[{"href":"http:\/\/bautagebuch-horner-freiheit.geschichtswerkstatt-horn.de\/index.php?rest_route=%2Fwp%2Fv2%2Fmedia&parent=623"}],"wp:term":[{"taxonomy":"category","embeddable":true,"href":"http:\/\/bautagebuch-horner-freiheit.geschichtswerkstatt-horn.de\/index.php?rest_route=%2Fwp%2Fv2%2Fcategories&post=623"},{"taxonomy":"post_tag","embeddable":true,"href":"http:\/\/bautagebuch-horner-freiheit.geschichtswerkstatt-horn.de\/index.php?rest_route=%2Fwp%2Fv2%2Ftags&post=623"}],"curies":[{"name":"wp","href":"https:\/\/api.w.org\/{rel}","templated":true}]}}