{"id":911,"date":"2016-01-09T20:59:06","date_gmt":"2016-01-09T19:59:06","guid":{"rendered":"http:\/\/baublog.horner-freiheit.de\/?p=911"},"modified":"2016-01-09T20:59:06","modified_gmt":"2016-01-09T19:59:06","slug":"06-01-2016-die-bretter-die-die-welt-bedeuten-teil-2","status":"publish","type":"post","link":"http:\/\/bautagebuch-horner-freiheit.geschichtswerkstatt-horn.de\/?p=911","title":{"rendered":"06.01.2016 Die Bretter, die die Welt bedeuten&#8230; Teil 2"},"content":{"rendered":"<p><a href=\"http:\/\/baublog.horner-freiheit.de\/wp-content\/uploads\/2016\/01\/DSCN0944web.jpg\"><img loading=\"lazy\" class=\"alignnone size-full wp-image-907\" src=\"http:\/\/baublog.horner-freiheit.de\/wp-content\/uploads\/2016\/01\/DSCN0944web.jpg\" alt=\"DSCN0944web\" width=\"600\" height=\"450\" \/><\/a><\/p>\n<p style=\"text-align: justify;\">&#8222;Bretter, die die Welt bedeuten, fehlen zwar noch &#8230;&#8220;\u00a0 hie\u00df der <a title=\"13.07.2015 Die Bretter, die die Welt bedeuten\u2026\" href=\"http:\/\/baublog.horner-freiheit.de\/?p=762\" target=\"_blank\" rel=\"noopener noreferrer\">Blog-Eintrag am 13.7.2015<\/a>, als die Trockenbauwand aufgestellt wurde. Nun sind die Bretter da! Die offene Unterkonstruktion erm\u00f6glicht es, die f\u00fcnf Erweiterungsmodule zu verstauen. Die 5&#215;2 Meter gro\u00dfe B\u00fchne l\u00e4sst sich damit sp\u00e4ter um weitere 10 qm vergr\u00f6\u00dfern! Auch ein Catwalk f\u00fcr eine Modenschau l\u00e4sst sich z.B. damit realisieren:<br \/>\n<a href=\"http:\/\/baublog.horner-freiheit.de\/wp-content\/uploads\/2016\/01\/Buehnenvarianten01.jpg\"><img loading=\"lazy\" class=\"alignnone size-full wp-image-912\" src=\"http:\/\/baublog.horner-freiheit.de\/wp-content\/uploads\/2016\/01\/Buehnenvarianten01.jpg\" alt=\"Buehnenvarianten01\" width=\"600\" height=\"282\" \/><\/a><\/p>\n","protected":false},"excerpt":{"rendered":"<p>&#8222;Bretter, die die Welt bedeuten, fehlen zwar noch &#8230;&#8220;\u00a0 hie\u00df der Blog-Eintrag am 13.7.2015, als die Trockenbauwand aufgestellt wurde. Nun sind die Bretter da! Die offene Unterkonstruktion erm\u00f6glicht es, die f\u00fcnf Erweiterungsmodule zu verstauen. Die 5&#215;2 Meter gro\u00dfe B\u00fchne l\u00e4sst sich damit sp\u00e4ter um weitere 10 qm vergr\u00f6\u00dfern! Auch ein Catwalk f\u00fcr eine Modenschau l\u00e4sst &hellip; <\/p>\n<p class=\"link-more\"><a href=\"http:\/\/bautagebuch-horner-freiheit.geschichtswerkstatt-horn.de\/?p=911\" class=\"more-link\"><span class=\"screen-reader-text\">\u201e06.01.2016 Die Bretter, die die Welt bedeuten&#8230; Teil 2\u201c<\/span> weiterlesen<\/a><\/p>\n","protected":false},"author":1,"featured_media":0,"comment_status":"closed","ping_status":"closed","sticky":false,"template":"","format":"standard","meta":[],"categories":[2],"tags":[],"_links":{"self":[{"href":"http:\/\/bautagebuch-horner-freiheit.geschichtswerkstatt-horn.de\/index.php?rest_route=\/wp\/v2\/posts\/911"}],"collection":[{"href":"http:\/\/bautagebuch-horner-freiheit.geschichtswerkstatt-horn.de\/index.php?rest_route=\/wp\/v2\/posts"}],"about":[{"href":"http:\/\/bautagebuch-horner-freiheit.geschichtswerkstatt-horn.de\/index.php?rest_route=\/wp\/v2\/types\/post"}],"author":[{"embeddable":true,"href":"http:\/\/bautagebuch-horner-freiheit.geschichtswerkstatt-horn.de\/index.php?rest_route=\/wp\/v2\/users\/1"}],"replies":[{"embeddable":true,"href":"http:\/\/bautagebuch-horner-freiheit.geschichtswerkstatt-horn.de\/index.php?rest_route=%2Fwp%2Fv2%2Fcomments&post=911"}],"version-history":[{"count":0,"href":"http:\/\/bautagebuch-horner-freiheit.geschichtswerkstatt-horn.de\/index.php?rest_route=\/wp\/v2\/posts\/911\/revisions"}],"wp:attachment":[{"href":"http:\/\/bautagebuch-horner-freiheit.geschichtswerkstatt-horn.de\/index.php?rest_route=%2Fwp%2Fv2%2Fmedia&parent=911"}],"wp:term":[{"taxonomy":"category","embeddable":true,"href":"http:\/\/bautagebuch-horner-freiheit.geschichtswerkstatt-horn.de\/index.php?rest_route=%2Fwp%2Fv2%2Fcategories&post=911"},{"taxonomy":"post_tag","embeddable":true,"href":"http:\/\/bautagebuch-horner-freiheit.geschichtswerkstatt-horn.de\/index.php?rest_route=%2Fwp%2Fv2%2Ftags&post=911"}],"curies":[{"name":"wp","href":"https:\/\/api.w.org\/{rel}","templated":true}]}}