{"id":921,"date":"2016-01-09T21:37:38","date_gmt":"2016-01-09T20:37:38","guid":{"rendered":"http:\/\/baublog.horner-freiheit.de\/?p=921"},"modified":"2016-01-09T21:37:38","modified_gmt":"2016-01-09T20:37:38","slug":"08-01-2016-stellprobe-im-gw-archiv","status":"publish","type":"post","link":"http:\/\/bautagebuch-horner-freiheit.geschichtswerkstatt-horn.de\/?p=921","title":{"rendered":"08.01.2016 Stellprobe im GW-Archiv"},"content":{"rendered":"<p style=\"text-align: justify;\">Die Geschichtswerkstatt versammelte heute die aktiven Mitglieder zu einer M\u00f6bel-Stellprobe im Stadtteilarchiv-Keller. Wie sieht der &#8211; auf einem Flipchart entworfene &#8211; M\u00f6belplan nun in der Realit\u00e4t aus? Bleib genug Bewegungsfl\u00e4che?<br \/>\nEs ist schwierig, sich so etwas in einem leeren 32qm gro\u00dfen Raum mit wei\u00dfen W\u00e4nden vorzustellen. Zwar war zur Simulation ein 3D-Modell hilfreich, aber auch das kann die Realit\u00e4t nicht voll wiedergeben. Also: Tesakrepp, Zollstock und los geht&#8217;s. Alle &#8222;M\u00f6bel&#8220; (Schr\u00e4nke, Kartenschrank, Schreibtisch) wurden auf den Boden geklebt. So lie\u00dfen sich die Fragen: &#8222;Wie nah kann ein kleiner Materialschrank an der T\u00fcr stehen?&#8220; oder &#8222;Wie gro\u00df darf der Arbeitstisch sein?&#8220; plastisch vor Ort l\u00f6sen.<br \/>\nDass die 3D-Zeichnung schon sehr realistisch war, zeigt der nachfolgende Vergleich:<\/p>\n<p><a href=\"http:\/\/baublog.horner-freiheit.de\/wp-content\/uploads\/2016\/01\/DSCN0945web.jpg\"><img loading=\"lazy\" class=\"alignnone size-full wp-image-909\" src=\"http:\/\/baublog.horner-freiheit.de\/wp-content\/uploads\/2016\/01\/DSCN0945web.jpg\" alt=\"DSCN0945web\" width=\"600\" height=\"450\" \/><\/a><\/p>\n<p><a href=\"http:\/\/baublog.horner-freiheit.de\/wp-content\/uploads\/2016\/01\/DSCN0945-1web.jpg\"><img loading=\"lazy\" class=\"alignnone size-full wp-image-908\" src=\"http:\/\/baublog.horner-freiheit.de\/wp-content\/uploads\/2016\/01\/DSCN0945-1web.jpg\" alt=\"DSCN0945-1web\" width=\"650\" height=\"549\" \/><\/a><\/p>\n<p>&nbsp;<\/p>\n<p>&nbsp;<\/p>\n","protected":false},"excerpt":{"rendered":"<p>Die Geschichtswerkstatt versammelte heute die aktiven Mitglieder zu einer M\u00f6bel-Stellprobe im Stadtteilarchiv-Keller. Wie sieht der &#8211; auf einem Flipchart entworfene &#8211; M\u00f6belplan nun in der Realit\u00e4t aus? Bleib genug Bewegungsfl\u00e4che? Es ist schwierig, sich so etwas in einem leeren 32qm gro\u00dfen Raum mit wei\u00dfen W\u00e4nden vorzustellen. Zwar war zur Simulation ein 3D-Modell hilfreich, aber auch &hellip; <\/p>\n<p class=\"link-more\"><a href=\"http:\/\/bautagebuch-horner-freiheit.geschichtswerkstatt-horn.de\/?p=921\" class=\"more-link\"><span class=\"screen-reader-text\">\u201e08.01.2016 Stellprobe im GW-Archiv\u201c<\/span> weiterlesen<\/a><\/p>\n","protected":false},"author":1,"featured_media":0,"comment_status":"closed","ping_status":"closed","sticky":false,"template":"","format":"standard","meta":[],"categories":[2],"tags":[],"_links":{"self":[{"href":"http:\/\/bautagebuch-horner-freiheit.geschichtswerkstatt-horn.de\/index.php?rest_route=\/wp\/v2\/posts\/921"}],"collection":[{"href":"http:\/\/bautagebuch-horner-freiheit.geschichtswerkstatt-horn.de\/index.php?rest_route=\/wp\/v2\/posts"}],"about":[{"href":"http:\/\/bautagebuch-horner-freiheit.geschichtswerkstatt-horn.de\/index.php?rest_route=\/wp\/v2\/types\/post"}],"author":[{"embeddable":true,"href":"http:\/\/bautagebuch-horner-freiheit.geschichtswerkstatt-horn.de\/index.php?rest_route=\/wp\/v2\/users\/1"}],"replies":[{"embeddable":true,"href":"http:\/\/bautagebuch-horner-freiheit.geschichtswerkstatt-horn.de\/index.php?rest_route=%2Fwp%2Fv2%2Fcomments&post=921"}],"version-history":[{"count":0,"href":"http:\/\/bautagebuch-horner-freiheit.geschichtswerkstatt-horn.de\/index.php?rest_route=\/wp\/v2\/posts\/921\/revisions"}],"wp:attachment":[{"href":"http:\/\/bautagebuch-horner-freiheit.geschichtswerkstatt-horn.de\/index.php?rest_route=%2Fwp%2Fv2%2Fmedia&parent=921"}],"wp:term":[{"taxonomy":"category","embeddable":true,"href":"http:\/\/bautagebuch-horner-freiheit.geschichtswerkstatt-horn.de\/index.php?rest_route=%2Fwp%2Fv2%2Fcategories&post=921"},{"taxonomy":"post_tag","embeddable":true,"href":"http:\/\/bautagebuch-horner-freiheit.geschichtswerkstatt-horn.de\/index.php?rest_route=%2Fwp%2Fv2%2Ftags&post=921"}],"curies":[{"name":"wp","href":"https:\/\/api.w.org\/{rel}","templated":true}]}}