{"id":925,"date":"2016-01-11T22:18:03","date_gmt":"2016-01-11T21:18:03","guid":{"rendered":"http:\/\/baublog.horner-freiheit.de\/?p=925"},"modified":"2016-01-11T22:18:03","modified_gmt":"2016-01-11T21:18:03","slug":"11-01-2016-countdown-noch-8-tage","status":"publish","type":"post","link":"http:\/\/bautagebuch-horner-freiheit.geschichtswerkstatt-horn.de\/?p=925","title":{"rendered":"11.01.2016 Countdown! Noch 8 Tage &#8230;"},"content":{"rendered":"<p style=\"text-align: justify;\"><a href=\"http:\/\/baublog.horner-freiheit.de\/wp-content\/uploads\/2016\/01\/DSCN0961web.jpg\"><img loading=\"lazy\" class=\"alignnone size-full wp-image-932\" src=\"http:\/\/baublog.horner-freiheit.de\/wp-content\/uploads\/2016\/01\/DSCN0961web.jpg\" alt=\"DSCN0961web\" width=\"600\" height=\"450\" \/><\/a><\/p>\n<p style=\"text-align: justify;\"><strong><span style=\"color: #ff0000;\">Am Dienstag, 19. Januar ist es soweit!! Die B\u00fccherhalle und Caf\u00e9 MAY \u00f6ffnen ihre T\u00fcren!<\/span><\/strong><\/p>\n<p style=\"text-align: justify;\">Die Mitarbeiter der B\u00fccherhalle setzen alles daran, dass am Dienstag <strong><span style=\"color: #ff0000;\">ab 10 Uhr<\/span> <\/strong>die ersten B\u00fccher in den neuen R\u00e4umlichkeiten ausgeliehen werden k\u00f6nnen. Dazu wurde am Rhiemsweg in der letzten Woche flei\u00dfig gepackt und heute sind die B\u00fccher bereits angeliefert. Nun geht es ans Auspacken und Einr\u00e4umen, denn noch sieht es etwas chaotisch aus. Was aber auch nicht verwunderlich ist, wenn ein ganzer LKW seine B\u00fccherladung ausspuckt!<br \/>\n<a href=\"http:\/\/baublog.horner-freiheit.de\/wp-content\/uploads\/2016\/01\/DSCN0963web.jpg\"><img loading=\"lazy\" class=\"alignnone size-full wp-image-933\" src=\"http:\/\/baublog.horner-freiheit.de\/wp-content\/uploads\/2016\/01\/DSCN0963web.jpg\" alt=\"DSCN0963web\" width=\"600\" height=\"450\" \/><\/a><\/p>\n<p style=\"text-align: justify;\">\u00dcbrigens: Sie haben richtig gelesen! Die B\u00fccherhalle hat nach dem Umzug neue \u00d6ffnungszeiten:<br \/>\n<strong>Montag &#8211; wie bisher &#8211; geschlossen. <\/strong><br \/>\n<strong>Dienstag bis Freitag von <span style=\"color: #ff0000;\">10 &#8211; 13<\/span> und <span style=\"color: #ff0000;\">14 &#8211; 18 Uhr<\/span><\/strong><br \/>\n<strong>Samstag von <span style=\"color: #ff0000;\">10 &#8211; 13 Uhr<\/span><\/strong><\/p>\n<p style=\"text-align: center;\"><span style=\"color: #000000;\">Morgen schauen wir mal, wie es im Cafe <strong><em>MAY<\/em><\/strong> aussieht!<\/span><\/p>\n","protected":false},"excerpt":{"rendered":"<p>Am Dienstag, 19. Januar ist es soweit!! Die B\u00fccherhalle und Caf\u00e9 MAY \u00f6ffnen ihre T\u00fcren! Die Mitarbeiter der B\u00fccherhalle setzen alles daran, dass am Dienstag ab 10 Uhr die ersten B\u00fccher in den neuen R\u00e4umlichkeiten ausgeliehen werden k\u00f6nnen. Dazu wurde am Rhiemsweg in der letzten Woche flei\u00dfig gepackt und heute sind die B\u00fccher bereits angeliefert. &hellip; <\/p>\n<p class=\"link-more\"><a href=\"http:\/\/bautagebuch-horner-freiheit.geschichtswerkstatt-horn.de\/?p=925\" class=\"more-link\"><span class=\"screen-reader-text\">\u201e11.01.2016 Countdown! Noch 8 Tage &#8230;\u201c<\/span> weiterlesen<\/a><\/p>\n","protected":false},"author":1,"featured_media":0,"comment_status":"closed","ping_status":"closed","sticky":false,"template":"","format":"standard","meta":[],"categories":[2],"tags":[],"_links":{"self":[{"href":"http:\/\/bautagebuch-horner-freiheit.geschichtswerkstatt-horn.de\/index.php?rest_route=\/wp\/v2\/posts\/925"}],"collection":[{"href":"http:\/\/bautagebuch-horner-freiheit.geschichtswerkstatt-horn.de\/index.php?rest_route=\/wp\/v2\/posts"}],"about":[{"href":"http:\/\/bautagebuch-horner-freiheit.geschichtswerkstatt-horn.de\/index.php?rest_route=\/wp\/v2\/types\/post"}],"author":[{"embeddable":true,"href":"http:\/\/bautagebuch-horner-freiheit.geschichtswerkstatt-horn.de\/index.php?rest_route=\/wp\/v2\/users\/1"}],"replies":[{"embeddable":true,"href":"http:\/\/bautagebuch-horner-freiheit.geschichtswerkstatt-horn.de\/index.php?rest_route=%2Fwp%2Fv2%2Fcomments&post=925"}],"version-history":[{"count":0,"href":"http:\/\/bautagebuch-horner-freiheit.geschichtswerkstatt-horn.de\/index.php?rest_route=\/wp\/v2\/posts\/925\/revisions"}],"wp:attachment":[{"href":"http:\/\/bautagebuch-horner-freiheit.geschichtswerkstatt-horn.de\/index.php?rest_route=%2Fwp%2Fv2%2Fmedia&parent=925"}],"wp:term":[{"taxonomy":"category","embeddable":true,"href":"http:\/\/bautagebuch-horner-freiheit.geschichtswerkstatt-horn.de\/index.php?rest_route=%2Fwp%2Fv2%2Fcategories&post=925"},{"taxonomy":"post_tag","embeddable":true,"href":"http:\/\/bautagebuch-horner-freiheit.geschichtswerkstatt-horn.de\/index.php?rest_route=%2Fwp%2Fv2%2Ftags&post=925"}],"curies":[{"name":"wp","href":"https:\/\/api.w.org\/{rel}","templated":true}]}}