{"id":950,"date":"2016-01-13T20:49:09","date_gmt":"2016-01-13T19:49:09","guid":{"rendered":"http:\/\/baublog.horner-freiheit.de\/?p=950"},"modified":"2016-01-13T20:49:09","modified_gmt":"2016-01-13T19:49:09","slug":"13-01-2016-countdown-noch-6-tage","status":"publish","type":"post","link":"http:\/\/bautagebuch-horner-freiheit.geschichtswerkstatt-horn.de\/?p=950","title":{"rendered":"13.01.2016 Countdown! Noch 6 Tage &#8230;"},"content":{"rendered":"<p style=\"text-align: justify;\">\u00a0<a href=\"http:\/\/baublog.horner-freiheit.de\/wp-content\/uploads\/2016\/01\/DSCN0989-a-web.jpg\"><img loading=\"lazy\" class=\"alignnone size-full wp-image-958\" src=\"http:\/\/baublog.horner-freiheit.de\/wp-content\/uploads\/2016\/01\/DSCN0989-a-web.jpg\" alt=\"DSCN0989-a-web\" width=\"600\" height=\"450\" \/><\/a>Zum Beginn der Woche konnte man noch nicht glauben, dass das Foyer p\u00fcnktlich zur \u00d6ffnung des Hauses fertig wird! Es fehlte n\u00e4mlich noch der Holzfu\u00dfboden! Aber dann ging es mit Power los und heute ist die Fl\u00e4che schon geschliffen. Damit hat nun &#8211; mit Ausnahme der B\u00fccherhalle &#8211; das gesamte Erdgeschoss ein St\u00e4bchenparkett, was den R\u00e4umen einen sch\u00f6nen warmen Ton verleiht.<br \/>\nDie heutige Fotostrecke zeigt &#8211; von oben nach unten &#8211; den Fortschritt der Verlegearbeiten am 11., 12. und 13. Januar. Der graue Bereich an der T\u00fcr wird sp\u00e4ter mit einer Fu\u00dfmatte ausgelegt.<\/p>\n<p style=\"text-align: center;\"><a href=\"http:\/\/baublog.horner-freiheit.de\/wp-content\/uploads\/2016\/01\/DSCN1001web.jpg\"><img loading=\"lazy\" class=\" size-medium wp-image-951 aligncenter\" src=\"http:\/\/baublog.horner-freiheit.de\/wp-content\/uploads\/2016\/01\/DSCN1001web-225x300.jpg\" alt=\"DSCN1001web\" width=\"225\" height=\"300\" \/>\u00a0<\/a><a href=\"http:\/\/baublog.horner-freiheit.de\/wp-content\/uploads\/2016\/01\/DSCN1009web.jpg\"><img loading=\"lazy\" class=\" size-medium wp-image-953 aligncenter\" src=\"http:\/\/baublog.horner-freiheit.de\/wp-content\/uploads\/2016\/01\/DSCN1009web-225x300.jpg\" alt=\"DSCN1009web\" width=\"225\" height=\"300\" \/><\/a>Kleine Bilder lassen sich durch Mausklick vergr\u00f6\u00dfern!<\/p>\n","protected":false},"excerpt":{"rendered":"<p>\u00a0Zum Beginn der Woche konnte man noch nicht glauben, dass das Foyer p\u00fcnktlich zur \u00d6ffnung des Hauses fertig wird! Es fehlte n\u00e4mlich noch der Holzfu\u00dfboden! Aber dann ging es mit Power los und heute ist die Fl\u00e4che schon geschliffen. Damit hat nun &#8211; mit Ausnahme der B\u00fccherhalle &#8211; das gesamte Erdgeschoss ein St\u00e4bchenparkett, was den &hellip; <\/p>\n<p class=\"link-more\"><a href=\"http:\/\/bautagebuch-horner-freiheit.geschichtswerkstatt-horn.de\/?p=950\" class=\"more-link\"><span class=\"screen-reader-text\">\u201e13.01.2016 Countdown! Noch 6 Tage &#8230;\u201c<\/span> weiterlesen<\/a><\/p>\n","protected":false},"author":1,"featured_media":0,"comment_status":"closed","ping_status":"closed","sticky":false,"template":"","format":"standard","meta":[],"categories":[2],"tags":[],"_links":{"self":[{"href":"http:\/\/bautagebuch-horner-freiheit.geschichtswerkstatt-horn.de\/index.php?rest_route=\/wp\/v2\/posts\/950"}],"collection":[{"href":"http:\/\/bautagebuch-horner-freiheit.geschichtswerkstatt-horn.de\/index.php?rest_route=\/wp\/v2\/posts"}],"about":[{"href":"http:\/\/bautagebuch-horner-freiheit.geschichtswerkstatt-horn.de\/index.php?rest_route=\/wp\/v2\/types\/post"}],"author":[{"embeddable":true,"href":"http:\/\/bautagebuch-horner-freiheit.geschichtswerkstatt-horn.de\/index.php?rest_route=\/wp\/v2\/users\/1"}],"replies":[{"embeddable":true,"href":"http:\/\/bautagebuch-horner-freiheit.geschichtswerkstatt-horn.de\/index.php?rest_route=%2Fwp%2Fv2%2Fcomments&post=950"}],"version-history":[{"count":0,"href":"http:\/\/bautagebuch-horner-freiheit.geschichtswerkstatt-horn.de\/index.php?rest_route=\/wp\/v2\/posts\/950\/revisions"}],"wp:attachment":[{"href":"http:\/\/bautagebuch-horner-freiheit.geschichtswerkstatt-horn.de\/index.php?rest_route=%2Fwp%2Fv2%2Fmedia&parent=950"}],"wp:term":[{"taxonomy":"category","embeddable":true,"href":"http:\/\/bautagebuch-horner-freiheit.geschichtswerkstatt-horn.de\/index.php?rest_route=%2Fwp%2Fv2%2Fcategories&post=950"},{"taxonomy":"post_tag","embeddable":true,"href":"http:\/\/bautagebuch-horner-freiheit.geschichtswerkstatt-horn.de\/index.php?rest_route=%2Fwp%2Fv2%2Ftags&post=950"}],"curies":[{"name":"wp","href":"https:\/\/api.w.org\/{rel}","templated":true}]}}